{"id":42,"date":"2026-05-07T19:57:38","date_gmt":"2026-05-07T19:57:38","guid":{"rendered":"http:\/\/www.hernot.com.tr\/news\/?p=42"},"modified":"2026-05-07T19:57:38","modified_gmt":"2026-05-07T19:57:38","slug":"albert-einstein","status":"publish","type":"post","link":"https:\/\/www.hernot.com.tr\/news\/2026\/05\/07\/albert-einstein\/","title":{"rendered":"Albert Einstein"},"content":{"rendered":"\n<h2 class=\"wp-block-heading\">Modern Fizi\u011fin Mimar\u0131: Albert Einstein<\/h2>\n\n\n\n<p class=\"wp-block-paragraph\">Albert Einstein, sadece 20. y\u00fczy\u0131l\u0131n de\u011fil, insanl\u0131k tarihinin en etkili bilim insanlar\u0131ndan biri olarak kabul edilir. Geleneksel fizik yasalar\u0131n\u0131 temelinden sarsan teorileriyle evreni alg\u0131lama bi\u00e7imimizi k\u00f6kten de\u011fi\u015ftirmi\u015f, &#8220;deha&#8221; kelimesinin adeta s\u00f6zl\u00fck kar\u015f\u0131l\u0131\u011f\u0131 haline gelmi\u015ftir.<\/p>\n\n\n\n<h3 class=\"wp-block-heading\">\u0130lk Y\u0131llar ve Merak\u0131n Do\u011fu\u015fu<\/h3>\n\n\n\n<p class=\"wp-block-paragraph\">1879 y\u0131l\u0131nda Almanya&#8217;n\u0131n Ulm kentinde do\u011fan Einstein, san\u0131lan\u0131n aksine \u00e7ocuklu\u011funda okul ba\u015far\u0131s\u0131yla parlayan bir \u00f6\u011frenci de\u011fildi; ancak ba\u011f\u0131ms\u0131z d\u00fc\u015f\u00fcnme yetisi ve derin merak\u0131 onu ya\u015f\u0131tlar\u0131ndan ay\u0131r\u0131yordu. Babas\u0131n\u0131n verdi\u011fi bir pusula, onun g\u00f6r\u00fcnmeyen kuvvetlere olan ilgisini tetikleyen ilk k\u0131v\u0131lc\u0131m oldu. \u0130svi\u00e7re&#8217;de bir patent ofisinde m\u00fcfetti\u015f olarak \u00e7al\u0131\u015f\u0131rken, bo\u015f zamanlar\u0131n\u0131 fizik problemlerine ay\u0131rarak modern bilimin temellerini sessizce in\u015fa etti.<\/p>\n\n\n\n<h3 class=\"wp-block-heading\">Bilimde Devrim: 1905 &#8220;Mucize Y\u0131l&#8221;<\/h3>\n\n\n\n<p class=\"wp-block-paragraph\">Einstein i\u00e7in 1905 y\u0131l\u0131, bilim d\u00fcnyas\u0131nda &#8220;Annus Mirabilis&#8221; (Mucize Y\u0131l) olarak bilinir. Patent ofisindeki mesaisinden arta kalan vakitlerde d\u00f6rt ayr\u0131 makale yay\u0131nlad\u0131 ve her biri fizi\u011fin farkl\u0131 alanlar\u0131n\u0131 d\u00f6n\u00fc\u015ft\u00fcrd\u00fc:<\/p>\n\n\n\n<ul class=\"wp-block-list\">\n<li><strong>Fotoelektrik Etki:<\/strong> I\u015f\u0131\u011f\u0131n taneciklerden (fotonlar) olu\u015ftu\u011funu kan\u0131tlad\u0131. Bu \u00e7al\u0131\u015fmas\u0131 ona 1921 y\u0131l\u0131nda <strong>Nobel Fizik \u00d6d\u00fcl\u00fc<\/strong>&#8216;n\u00fc kazand\u0131rd\u0131.<\/li>\n\n\n\n<li><strong>Brown Hareketi:<\/strong> Atomlar\u0131n varl\u0131\u011f\u0131na dair somut kan\u0131tlar sundu.<\/li>\n\n\n\n<li><strong>\u00d6zel G\u00f6relilik Kuram\u0131:<\/strong> Zaman ve mekan\u0131n mutlak olmad\u0131\u011f\u0131n\u0131, g\u00f6zlemcinin h\u0131z\u0131na g\u00f6re de\u011fi\u015febilece\u011fini ortaya koydu.<\/li>\n\n\n\n<li><strong>K\u00fctle-Enerji E\u015fde\u011ferli\u011fi:<\/strong> D\u00fcnyan\u0131n en \u00fcnl\u00fc denklemi olan E=mc2 ile k\u00fctlenin enerjiye d\u00f6n\u00fc\u015febilece\u011fini ispatlad\u0131.<\/li>\n<\/ul>\n\n\n\n<h3 class=\"wp-block-heading\">Genel G\u00f6relilik ve Evrenin Dokusu<\/h3>\n\n\n\n<p class=\"wp-block-paragraph\">1915 y\u0131l\u0131nda yay\u0131nlad\u0131\u011f\u0131 Genel G\u00f6relilik Kuram\u0131, Einstein&#8217;\u0131n en b\u00fcy\u00fck ba\u015far\u0131s\u0131 say\u0131l\u0131r. Newton&#8217;un yer\u00e7ekimi anlay\u0131\u015f\u0131n\u0131 y\u0131karak, k\u00fctle\u00e7ekiminin bir &#8220;kuvvet&#8221; de\u011fil, devasa k\u00fctlelerin (y\u0131ld\u0131zlar, gezegenler) uzay-zaman dokusunda yaratt\u0131\u011f\u0131 bir <strong>e\u011frilik<\/strong> oldu\u011funu savundu.<\/p>\n\n\n\n<blockquote class=\"wp-block-quote is-layout-flow wp-block-quote-is-layout-flow\">\n<p class=\"wp-block-paragraph\"><strong>\u00d6nemli Not:<\/strong> 1919&#8217;daki bir g\u00fcne\u015f tutulmas\u0131 s\u0131ras\u0131nda yap\u0131lan g\u00f6zlemler, \u0131\u015f\u0131\u011f\u0131n g\u00fcne\u015fin k\u00fctlesiyle b\u00fck\u00fcld\u00fc\u011f\u00fcn\u00fc kan\u0131tlayarak Einstein&#8217;\u0131 bir gecede d\u00fcnya \u00e7ap\u0131nda bir bilim y\u0131ld\u0131z\u0131 haline getirdi.<\/p>\n<\/blockquote>\n\n\n\n<h3 class=\"wp-block-heading\">Miras\u0131 ve \u0130nsanl\u0131k Vizyonu<\/h3>\n\n\n\n<p class=\"wp-block-paragraph\">Einstein sadece bir teorisyen de\u011fil, ayn\u0131 zamanda bar\u0131\u015f yanl\u0131s\u0131 bir aktivistti. \u0130kinci D\u00fcnya Sava\u015f\u0131 d\u00f6neminde n\u00fckleer enerjinin silah olarak kullan\u0131lmas\u0131na kar\u015f\u0131 derin bir \u00fcz\u00fcnt\u00fc duymu\u015f, \u00f6mr\u00fcn\u00fcn geri kalan\u0131n\u0131 silahs\u0131zlanma ve d\u00fcnya bar\u0131\u015f\u0131 i\u00e7in \u00e7al\u0131\u015farak ge\u00e7irmi\u015ftir.<\/p>\n\n\n\n<p class=\"wp-block-paragraph\">1955 y\u0131l\u0131ndaki vefat\u0131na kadar &#8220;Her \u015eeyin Teorisi&#8221;ni (t\u00fcm fizik yasalar\u0131n\u0131 birle\u015ftiren tek bir form\u00fcl) bulmaya \u00e7al\u0131\u015ft\u0131. Bug\u00fcn kulland\u0131\u011f\u0131m\u0131z GPS teknolojisinden lazerlere, g\u00fcne\u015f panellerinden kuantum bilgisayarlara kadar pek \u00e7ok yenilik, onun zihnindeki o derin d\u00fc\u015f\u00fcnce deneylerine bor\u00e7ludur. Einstein, evrenin bir bilmece oldu\u011funu ve bu bilmeceyi \u00e7\u00f6zmenin en g\u00fc\u00e7l\u00fc yolunun <strong>hayal g\u00fcc\u00fc<\/strong> oldu\u011funu t\u00fcm d\u00fcnyaya g\u00f6stermi\u015ftir.<\/p>\n","protected":false},"excerpt":{"rendered":"<p>Modern Fizi\u011fin Mimar\u0131: Albert Einstein Albert Einstein, sadece 20. y\u00fczy\u0131l\u0131n de\u011fil, insanl\u0131k tarihinin en etkili bilim insanlar\u0131ndan biri olarak kabul edilir. Geleneksel fizik yasalar\u0131n\u0131 temelinden sarsan teorileriyle evreni alg\u0131lama bi\u00e7imimizi k\u00f6kten de\u011fi\u015ftirmi\u015f, &#8220;deha&#8221; kelimesinin adeta s\u00f6zl\u00fck kar\u015f\u0131l\u0131\u011f\u0131 haline gelmi\u015ftir. \u0130lk Y\u0131llar ve Merak\u0131n Do\u011fu\u015fu 1879 y\u0131l\u0131nda Almanya&#8217;n\u0131n Ulm kentinde do\u011fan Einstein, san\u0131lan\u0131n aksine \u00e7ocuklu\u011funda okul<\/p>\n","protected":false},"author":1,"featured_media":43,"comment_status":"open","ping_status":"open","sticky":false,"template":"","format":"standard","meta":{"footnotes":""},"categories":[1],"tags":[],"class_list":["post-42","post","type-post","status-publish","format-standard","has-post-thumbnail","hentry","category-uncategorized"],"_links":{"self":[{"href":"https:\/\/www.hernot.com.tr\/news\/wp-json\/wp\/v2\/posts\/42","targetHints":{"allow":["GET"]}}],"collection":[{"href":"https:\/\/www.hernot.com.tr\/news\/wp-json\/wp\/v2\/posts"}],"about":[{"href":"https:\/\/www.hernot.com.tr\/news\/wp-json\/wp\/v2\/types\/post"}],"author":[{"embeddable":true,"href":"https:\/\/www.hernot.com.tr\/news\/wp-json\/wp\/v2\/users\/1"}],"replies":[{"embeddable":true,"href":"https:\/\/www.hernot.com.tr\/news\/wp-json\/wp\/v2\/comments?post=42"}],"version-history":[{"count":1,"href":"https:\/\/www.hernot.com.tr\/news\/wp-json\/wp\/v2\/posts\/42\/revisions"}],"predecessor-version":[{"id":44,"href":"https:\/\/www.hernot.com.tr\/news\/wp-json\/wp\/v2\/posts\/42\/revisions\/44"}],"wp:featuredmedia":[{"embeddable":true,"href":"https:\/\/www.hernot.com.tr\/news\/wp-json\/wp\/v2\/media\/43"}],"wp:attachment":[{"href":"https:\/\/www.hernot.com.tr\/news\/wp-json\/wp\/v2\/media?parent=42"}],"wp:term":[{"taxonomy":"category","embeddable":true,"href":"https:\/\/www.hernot.com.tr\/news\/wp-json\/wp\/v2\/categories?post=42"},{"taxonomy":"post_tag","embeddable":true,"href":"https:\/\/www.hernot.com.tr\/news\/wp-json\/wp\/v2\/tags?post=42"}],"curies":[{"name":"wp","href":"https:\/\/api.w.org\/{rel}","templated":true}]}}