{"id":60,"date":"2026-05-08T14:00:08","date_gmt":"2026-05-08T14:00:08","guid":{"rendered":"http:\/\/www.hernot.com.tr\/news\/?p=60"},"modified":"2026-05-08T14:00:09","modified_gmt":"2026-05-08T14:00:09","slug":"somali","status":"publish","type":"post","link":"https:\/\/www.hernot.com.tr\/news\/2026\/05\/08\/somali\/","title":{"rendered":"Somali"},"content":{"rendered":"\n<h2 class=\"wp-block-heading\">Afrika&#8217;n\u0131n Boynuzunda Y\u00fckselen Umut<\/h2>\n\n\n\n<p class=\"wp-block-paragraph\">Afrika k\u0131tas\u0131n\u0131n en do\u011fu ucunda, &#8220;Afrika\u2019n\u0131n Boynuzu&#8221; olarak adland\u0131r\u0131lan stratejik bir noktada yer alan Somali, derin tarihi, zengin k\u00fclt\u00fcr\u00fc ve diren\u00e7li insanlar\u0131yla dikkat \u00e7eken bir \u00fclkedir. Uzun y\u0131llar boyunca i\u00e7 \u00e7at\u0131\u015fmalar, kurakl\u0131k ve siyasi istikrars\u0131zl\u0131klarla an\u0131lm\u0131\u015f olsa da Somali, asl\u0131nda k\u00fcllerinden yeniden do\u011fmaya \u00e7al\u0131\u015fan bir medeniyetin ve bitmek bilmeyen bir azmin sembol\u00fcd\u00fcr.<\/p>\n\n\n\n<h3 class=\"wp-block-heading\">Tarihsel ve K\u00fclt\u00fcrel Miras<\/h3>\n\n\n\n<p class=\"wp-block-paragraph\">Somali\u2019nin tarihi, antik \u00e7a\u011flara kadar uzan\u0131r. Fenikeliler ve Eski M\u0131s\u0131rl\u0131lar d\u00f6neminde &#8220;Tanr\u0131lar\u0131n Diyar\u0131&#8221; (Punt Krall\u0131\u011f\u0131) olarak bilinen bu topraklar, baharat, t\u00fcts\u00fc ve de\u011ferli madenlerin ticaret merkeziydi. \u0130slamiyet\u2019in yay\u0131lmas\u0131yla birlikte Somali, Do\u011fu Afrika ile \u0130slam d\u00fcnyas\u0131 aras\u0131nda bir k\u00f6pr\u00fc g\u00f6revi g\u00f6rm\u00fc\u015f, Mogadi\u015fu gibi \u015fehirler alt\u0131n \u00e7a\u011flar\u0131n\u0131 ya\u015fam\u0131\u015ft\u0131r. Somali k\u00fclt\u00fcr\u00fc, s\u00f6zl\u00fc edebiyat\u0131n ve \u015fiirin en g\u00fc\u00e7l\u00fc oldu\u011fu k\u00fclt\u00fcrlerden biridir; bu y\u00fczden Somali halk\u0131 i\u00e7in &#8220;\u015eairler Milleti&#8221; tabiri kullan\u0131l\u0131r. \u015eiir, bu topraklarda sadece bir sanat de\u011fil, ayn\u0131 zamanda toplumsal sorunlar\u0131n \u00e7\u00f6z\u00fcld\u00fc\u011f\u00fc ve tarihin nesillere aktar\u0131ld\u0131\u011f\u0131 bir ara\u00e7t\u0131r.<\/p>\n\n\n\n<h3 class=\"wp-block-heading\">Zorluklar ve Direni\u015f<\/h3>\n\n\n\n<p class=\"wp-block-paragraph\">Yak\u0131n tarihte Somali, s\u00f6m\u00fcrgecilik sonras\u0131 d\u00f6nemde ciddi s\u0131navlarla kar\u015f\u0131 kar\u015f\u0131ya kalm\u0131\u015ft\u0131r. 1990\u2019l\u0131 y\u0131llarda ba\u015flayan i\u00e7 sava\u015f, devlet yap\u0131s\u0131n\u0131n zay\u0131flamas\u0131na ve insani krizlere yol a\u00e7m\u0131\u015ft\u0131r. Ancak bu zorlu s\u00fcre\u00e7, Somali halk\u0131n\u0131n ne kadar dayan\u0131kl\u0131 oldu\u011funu da d\u00fcnyaya kan\u0131tlam\u0131\u015ft\u0131r. Somali halk\u0131, en zor zamanlarda bile aile ba\u011flar\u0131n\u0131 ve toplumsal dayan\u0131\u015fmay\u0131 korumay\u0131 ba\u015farm\u0131\u015ft\u0131r. G\u00fcn\u00fcm\u00fczde federal yap\u0131n\u0131n g\u00fc\u00e7lenmesi ve g\u00fcvenlik ortam\u0131n\u0131n iyile\u015fmesiyle birlikte, Somali halk\u0131 bar\u0131\u015f\u0131 kal\u0131c\u0131 hale getirmek i\u00e7in b\u00fcy\u00fck bir \u00e7aba sarf etmektedir.<\/p>\n\n\n\n<h3 class=\"wp-block-heading\">Gelece\u011fe Bak\u0131\u015f ve Potansiyel<\/h3>\n\n\n\n<p class=\"wp-block-paragraph\">Somali, sadece ge\u00e7mi\u015fiyle de\u011fil, ayn\u0131 zamanda sahip oldu\u011fu b\u00fcy\u00fck potansiyelle de umut vaat etmektedir. Afrika\u2019n\u0131n en uzun k\u0131y\u0131 \u015feridine sahip olmas\u0131, \u00fclkeyi bal\u0131k\u00e7\u0131l\u0131k ve deniz ticareti a\u00e7\u0131s\u0131ndan vazge\u00e7ilmez k\u0131lmaktad\u0131r. Ayr\u0131ca, yer alt\u0131 kaynaklar\u0131 ve tar\u0131ma elveri\u015fli alanlar, do\u011fru yat\u0131r\u0131mlarla Somali\u2019yi b\u00f6lgenin ekonomik parlayan y\u0131ld\u0131z\u0131 yapabilecek g\u00fc\u00e7tedir. Gen\u00e7 ve dinamik n\u00fcfusun e\u011fitime y\u00f6nelmesi, teknoloji ve giri\u015fimcilik alan\u0131ndaki at\u0131l\u0131mlar, \u00fclkenin \u00e7ehresini de\u011fi\u015ftirmeye ba\u015flam\u0131\u015ft\u0131r.<\/p>\n\n\n\n<h3 class=\"wp-block-heading\">Sonu\u00e7<\/h3>\n\n\n\n<p class=\"wp-block-paragraph\">Somali, ge\u00e7mi\u015fin yaralar\u0131n\u0131 sarmaya devam ederken, gelece\u011fini kendi elleriyle in\u015fa eden bir \u00fclkedir. Uluslararas\u0131 toplumun deste\u011fi ve Somali halk\u0131n\u0131n kararl\u0131l\u0131\u011f\u0131 birle\u015fti\u011finde, Afrika\u2019n\u0131n Boynuzu\u2019nun sadece stratejik konumuyla de\u011fil, refah\u0131, sanat\u0131 ve demokrasisiyle de parlayaca\u011f\u0131 bir d\u00f6nem uzak de\u011fildir. Somali\u2019nin hikayesi, zorluklar kar\u015f\u0131s\u0131nda asla pes etmemenin ve yeniden ba\u015flaman\u0131n hikayesidir.<\/p>\n","protected":false},"excerpt":{"rendered":"<p>Afrika&#8217;n\u0131n Boynuzunda Y\u00fckselen Umut Afrika k\u0131tas\u0131n\u0131n en do\u011fu ucunda, &#8220;Afrika\u2019n\u0131n Boynuzu&#8221; olarak adland\u0131r\u0131lan stratejik bir noktada yer alan Somali, derin tarihi, zengin k\u00fclt\u00fcr\u00fc ve diren\u00e7li insanlar\u0131yla dikkat \u00e7eken bir \u00fclkedir. Uzun y\u0131llar boyunca i\u00e7 \u00e7at\u0131\u015fmalar, kurakl\u0131k ve siyasi istikrars\u0131zl\u0131klarla an\u0131lm\u0131\u015f olsa da Somali, asl\u0131nda k\u00fcllerinden yeniden do\u011fmaya \u00e7al\u0131\u015fan bir medeniyetin ve bitmek bilmeyen bir azmin<\/p>\n","protected":false},"author":1,"featured_media":61,"comment_status":"open","ping_status":"open","sticky":false,"template":"","format":"standard","meta":{"footnotes":""},"categories":[1],"tags":[],"class_list":["post-60","post","type-post","status-publish","format-standard","has-post-thumbnail","hentry","category-uncategorized"],"_links":{"self":[{"href":"https:\/\/www.hernot.com.tr\/news\/wp-json\/wp\/v2\/posts\/60","targetHints":{"allow":["GET"]}}],"collection":[{"href":"https:\/\/www.hernot.com.tr\/news\/wp-json\/wp\/v2\/posts"}],"about":[{"href":"https:\/\/www.hernot.com.tr\/news\/wp-json\/wp\/v2\/types\/post"}],"author":[{"embeddable":true,"href":"https:\/\/www.hernot.com.tr\/news\/wp-json\/wp\/v2\/users\/1"}],"replies":[{"embeddable":true,"href":"https:\/\/www.hernot.com.tr\/news\/wp-json\/wp\/v2\/comments?post=60"}],"version-history":[{"count":1,"href":"https:\/\/www.hernot.com.tr\/news\/wp-json\/wp\/v2\/posts\/60\/revisions"}],"predecessor-version":[{"id":62,"href":"https:\/\/www.hernot.com.tr\/news\/wp-json\/wp\/v2\/posts\/60\/revisions\/62"}],"wp:featuredmedia":[{"embeddable":true,"href":"https:\/\/www.hernot.com.tr\/news\/wp-json\/wp\/v2\/media\/61"}],"wp:attachment":[{"href":"https:\/\/www.hernot.com.tr\/news\/wp-json\/wp\/v2\/media?parent=60"}],"wp:term":[{"taxonomy":"category","embeddable":true,"href":"https:\/\/www.hernot.com.tr\/news\/wp-json\/wp\/v2\/categories?post=60"},{"taxonomy":"post_tag","embeddable":true,"href":"https:\/\/www.hernot.com.tr\/news\/wp-json\/wp\/v2\/tags?post=60"}],"curies":[{"name":"wp","href":"https:\/\/api.w.org\/{rel}","templated":true}]}}