{"id":7,"date":"2026-05-07T18:40:03","date_gmt":"2026-05-07T18:40:03","guid":{"rendered":"http:\/\/www.hernot.com.tr\/news\/?p=7"},"modified":"2026-05-07T19:12:34","modified_gmt":"2026-05-07T19:12:34","slug":"artemis-2-neden-aya-inemedi","status":"publish","type":"post","link":"https:\/\/www.hernot.com.tr\/news\/2026\/05\/07\/artemis-2-neden-aya-inemedi\/","title":{"rendered":"Artemis 2 Neden Ay&#8217;a \u0130nemedi?"},"content":{"rendered":"\n<h2 class=\"wp-block-heading\">Artemis II: Ay\u2019\u0131n Etraf\u0131nda Bir Tur, Ama Neden Y\u00fczeye De\u011fil?<\/h2>\n\n\n\n<div class=\"wp-block-group is-nowrap is-layout-flex wp-container-core-group-is-layout-7387b849 wp-block-group-is-layout-flex\">\n<p class=\"wp-block-paragraph\">NASA\u2019n\u0131n Artemis program\u0131, insanl\u0131\u011f\u0131 elli y\u0131l\u0131 a\u015fk\u0131n bir s\u00fcrenin ard\u0131ndan yeniden Ay\u2019a ta\u015f\u0131may\u0131 hedefleyen devasa bir projedir. Ancak program\u0131n ikinci a\u015famas\u0131 olan <strong>Artemis II<\/strong> g\u00f6revi, bir\u00e7ok ki\u015finin bekledi\u011fi gibi Ay y\u00fczeyine bir ini\u015f i\u00e7ermemektedir. Bu durumun arkas\u0131nda yatan temel nedenler; teknolojik g\u00fcvenlik, a\u015famal\u0131 test stratejisi ve yeni nesil sistemlerin hen\u00fcz tamamlanmam\u0131\u015f olmas\u0131d\u0131r.<\/p>\n<\/div>\n\n\n\n<figure class=\"wp-block-image is-resized\"><img decoding=\"async\" src=\"https:\/\/images.unsplash.com\/photo-1776447248189-e3e8c78a1998?fm=jpg&amp;q=60&amp;w=3000&amp;auto=format&amp;fit=crop&amp;ixlib=rb-4.1.0&amp;ixid=M3wxMjA3fDB8MHxzZWFyY2h8NXx8YXJ0ZW1pcyUyMDIlMjBuYXNhfGVufDB8fDB8fHww\" alt=\"A rocket launches into a clear blue sky.\" style=\"width:197px;height:auto\"\/><\/figure>\n\n\n\n<h3 class=\"wp-block-heading\">A\u015famal\u0131 G\u00fcvenlik Stratejisi<\/h3>\n\n\n\n<p class=\"wp-block-paragraph\">Uzay g\u00f6revlerinde &#8220;ad\u0131m ad\u0131m ilerleme&#8221; prensibi hayati \u00f6nem ta\u015f\u0131r. Apollo d\u00f6neminde oldu\u011fu gibi, Artemis program\u0131 da sistemleri par\u00e7a par\u00e7a test etmektedir.<\/p>\n\n\n\n<ul class=\"wp-block-list\">\n<li><strong>Artemis I:<\/strong> M\u00fcrettebats\u0131z bir \u015fekilde Orion kaps\u00fcl\u00fcn\u00fcn ve SLS (Space Launch System) roketinin dayan\u0131kl\u0131l\u0131\u011f\u0131n\u0131 \u00f6l\u00e7t\u00fc.<\/li>\n\n\n\n<li><strong>Artemis II:<\/strong> Bu sistemlerin i\u00e7inde ilk kez <strong>insan<\/strong> varken nas\u0131l \u00e7al\u0131\u015ft\u0131\u011f\u0131n\u0131 g\u00f6rece\u011fimiz g\u00f6revdir. Ay\u2019\u0131n etraf\u0131nda bir &#8220;serbest d\u00f6n\u00fc\u015f&#8221; (free-return) y\u00f6r\u00fcngesi izleyerek astronotlar\u0131n ya\u015fam destek sistemlerini, ileti\u015fim a\u011flar\u0131n\u0131 ve derin uzaydaki radyasyon kalkanlar\u0131n\u0131 test edecektir. Ay&#8217;a inmek, risk fakt\u00f6r\u00fcn\u00fc katlayarak art\u0131rd\u0131\u011f\u0131 i\u00e7in \u00f6nce arac\u0131n i\u00e7indeki insanlar\u0131n g\u00fcvenli bir \u015fekilde gidip d\u00f6nebildi\u011fi kan\u0131tlanmal\u0131d\u0131r.<\/li>\n<\/ul>\n\n\n\n<h3 class=\"wp-block-heading\">\u0130ni\u015f Arac\u0131n\u0131n (HLS) Haz\u0131r Olmamas\u0131<\/h3>\n\n\n\n<p class=\"wp-block-paragraph\">Ay y\u00fczeyine inmek i\u00e7in sadece roket ve kaps\u00fcl yeterli de\u011fildir; bir de <strong>Ay \u0130ni\u015f Arac\u0131 (Human Landing System)<\/strong> gereklidir. NASA, bu g\u00f6rev i\u00e7in SpaceX&#8217;in <strong>Starship<\/strong> arac\u0131n\u0131 se\u00e7mi\u015ftir.<\/p>\n\n\n\n<ul class=\"wp-block-list\">\n<li>Artemis II g\u00f6revi planland\u0131\u011f\u0131nda, Starship hen\u00fcz insanl\u0131 bir ini\u015f yapabilecek kadar test edilmemi\u015fti.<\/li>\n\n\n\n<li>\u0130ni\u015f arac\u0131, Ay y\u00f6r\u00fcngesinde Orion ile kenetlenecek ve astronotlar\u0131 a\u015fa\u011f\u0131 indirecektir. Bu karma\u015f\u0131k manevran\u0131n provas\u0131 ve arac\u0131n yak\u0131t ikmali teknolojileri hen\u00fcz geli\u015ftirilme a\u015famas\u0131ndad\u0131r.<\/li>\n<\/ul>\n\n\n\n<h3 class=\"wp-block-heading\">Lojistik ve Yak\u0131t K\u0131s\u0131tlamalar\u0131<\/h3>\n\n\n\n<p class=\"wp-block-paragraph\">Ay\u2019a inmek ve oradan tekrar kalkmak, muazzam miktarda enerji ve yak\u0131t gerektirir. Artemis II\u2019nin amac\u0131, mevcut en g\u00fc\u00e7l\u00fc roket olan SLS\u2019in m\u00fcrettebatl\u0131 kapasitesini \u00f6l\u00e7mektir. Ay y\u00fczeyine ini\u015f yapacak kadar a\u011f\u0131r bir donan\u0131m\u0131 ta\u015f\u0131mak ve geri getirmek, mevcut Artemis II konfig\u00fcrasyonunun kapsam\u0131 d\u0131\u015f\u0131ndad\u0131r. Bu kapasite, gelecekteki <strong>Gateway<\/strong> (Ay y\u00f6r\u00fcngesindeki istasyon) ve geli\u015fmi\u015f ini\u015f ara\u00e7lar\u0131yla m\u00fcmk\u00fcn olacakt\u0131r.<\/p>\n\n\n\n<h3 class=\"wp-block-heading\">Sonu\u00e7<\/h3>\n\n\n\n<p class=\"wp-block-paragraph\">Sonu\u00e7 olarak, Artemis II&#8217;nin Ay&#8217;a inmemesi bir ba\u015far\u0131s\u0131zl\u0131k de\u011fil, aksine <strong>ba\u015far\u0131l\u0131 bir d\u00f6n\u00fc\u015f\u00fcn en g\u00fcvenli haz\u0131rl\u0131\u011f\u0131d\u0131r.<\/strong> \u0130nsanl\u0131 bir uzay arac\u0131n\u0131 Ay\u2019\u0131n arkas\u0131ndan dola\u015ft\u0131r\u0131p D\u00fcnya\u2019ya sa\u011f salim getirmek, bir sonraki a\u015fama olan Artemis III\u2019te Ay y\u00fczeyine ayak basman\u0131n kap\u0131s\u0131n\u0131 a\u00e7acak olan en kritik anahtard\u0131r. \u0130nsanl\u0131k, Ay&#8217;a &#8220;tekrar&#8221; gitmek i\u00e7in de\u011fil, bu sefer orada &#8220;kal\u0131c\u0131&#8221; olmak i\u00e7in acele etmeden, sa\u011flam ad\u0131mlarla ilerlemektedir.<\/p>\n","protected":false},"excerpt":{"rendered":"<p>Artemis II: Ay\u2019\u0131n Etraf\u0131nda Bir Tur, Ama Neden Y\u00fczeye De\u011fil? NASA\u2019n\u0131n Artemis program\u0131, insanl\u0131\u011f\u0131 elli y\u0131l\u0131 a\u015fk\u0131n bir s\u00fcrenin ard\u0131ndan yeniden Ay\u2019a ta\u015f\u0131may\u0131 hedefleyen devasa bir projedir. Ancak program\u0131n ikinci a\u015famas\u0131 olan Artemis II g\u00f6revi, bir\u00e7ok ki\u015finin bekledi\u011fi gibi Ay y\u00fczeyine bir ini\u015f i\u00e7ermemektedir. Bu durumun arkas\u0131nda yatan temel nedenler; teknolojik g\u00fcvenlik, a\u015famal\u0131 test stratejisi<\/p>\n","protected":false},"author":1,"featured_media":9,"comment_status":"open","ping_status":"open","sticky":false,"template":"","format":"standard","meta":{"footnotes":""},"categories":[6],"tags":[],"class_list":["post-7","post","type-post","status-publish","format-standard","has-post-thumbnail","hentry","category-uzay"],"_links":{"self":[{"href":"https:\/\/www.hernot.com.tr\/news\/wp-json\/wp\/v2\/posts\/7","targetHints":{"allow":["GET"]}}],"collection":[{"href":"https:\/\/www.hernot.com.tr\/news\/wp-json\/wp\/v2\/posts"}],"about":[{"href":"https:\/\/www.hernot.com.tr\/news\/wp-json\/wp\/v2\/types\/post"}],"author":[{"embeddable":true,"href":"https:\/\/www.hernot.com.tr\/news\/wp-json\/wp\/v2\/users\/1"}],"replies":[{"embeddable":true,"href":"https:\/\/www.hernot.com.tr\/news\/wp-json\/wp\/v2\/comments?post=7"}],"version-history":[{"count":1,"href":"https:\/\/www.hernot.com.tr\/news\/wp-json\/wp\/v2\/posts\/7\/revisions"}],"predecessor-version":[{"id":10,"href":"https:\/\/www.hernot.com.tr\/news\/wp-json\/wp\/v2\/posts\/7\/revisions\/10"}],"wp:featuredmedia":[{"embeddable":true,"href":"https:\/\/www.hernot.com.tr\/news\/wp-json\/wp\/v2\/media\/9"}],"wp:attachment":[{"href":"https:\/\/www.hernot.com.tr\/news\/wp-json\/wp\/v2\/media?parent=7"}],"wp:term":[{"taxonomy":"category","embeddable":true,"href":"https:\/\/www.hernot.com.tr\/news\/wp-json\/wp\/v2\/categories?post=7"},{"taxonomy":"post_tag","embeddable":true,"href":"https:\/\/www.hernot.com.tr\/news\/wp-json\/wp\/v2\/tags?post=7"}],"curies":[{"name":"wp","href":"https:\/\/api.w.org\/{rel}","templated":true}]}}