{"id":70,"date":"2026-05-08T17:19:02","date_gmt":"2026-05-08T17:19:02","guid":{"rendered":"http:\/\/www.hernot.com.tr\/news\/?p=70"},"modified":"2026-05-08T17:19:02","modified_gmt":"2026-05-08T17:19:02","slug":"isaac-newton","status":"publish","type":"post","link":"https:\/\/www.hernot.com.tr\/news\/2026\/05\/08\/isaac-newton\/","title":{"rendered":"Isaac Newton"},"content":{"rendered":"\n<h2 class=\"wp-block-heading\">Bilimsel Devrimin Mimar\u0131<\/h2>\n\n\n\n<p class=\"wp-block-paragraph\">\u0130nsanl\u0131k tarihi, do\u011fay\u0131 anlama \u00e7abas\u0131nda bir\u00e7ok d\u00f6n\u00fcm noktas\u0131 ya\u015fam\u0131\u015ft\u0131r; ancak \u00e7ok az isim <strong>Isaac Newton<\/strong> kadar bu s\u00fcrece damga vurmu\u015ftur. 17. y\u00fczy\u0131l\u0131n karanl\u0131\u011f\u0131nda, evrenin karma\u015f\u0131k i\u015fleyi\u015fini matematiksel bir kesinlikle a\u00e7\u0131klayan Newton, modern bilimin temellerini atm\u0131\u015f ve insan zekas\u0131n\u0131n s\u0131n\u0131rlar\u0131n\u0131 zorlam\u0131\u015ft\u0131r. O, sadece bir fizik\u00e7i veya matematik\u00e7i de\u011fil, evrenin gizli dilini \u00e7\u00f6zen bir dehad\u0131r.<\/p>\n\n\n\n<h3 class=\"wp-block-heading\">Bilimin Dilini De\u011fi\u015ftiren Ke\u015fifler<\/h3>\n\n\n\n<p class=\"wp-block-paragraph\">Newton\u2019un bilime en b\u00fcy\u00fck katk\u0131s\u0131, \u015f\u00fcphesiz ki k\u00fctle \u00e7ekim yasas\u0131n\u0131 ke\u015ffetmesidir. Efsaneye g\u00f6re bir elman\u0131n d\u00fc\u015f\u00fc\u015f\u00fcyle ba\u015flayan bu sorgulama, g\u00f6ky\u00fcz\u00fcndeki gezegenlerin hareketlerinden yery\u00fcz\u00fcndeki nesnelerin d\u00fc\u015f\u00fc\u015f\u00fcne kadar her \u015feyin ayn\u0131 fiziksel kurallara ba\u011fl\u0131 oldu\u011funu kan\u0131tlam\u0131\u015ft\u0131r. <em>Philosophi\u00e6 Naturalis Principia Mathematica<\/em> adl\u0131 eseriyle hareket yasalar\u0131n\u0131 ortaya koymu\u015f, b\u00f6ylece mekanik fizi\u011fin anayasas\u0131n\u0131 yazm\u0131\u015ft\u0131r. Ayr\u0131ca, diferansiyel ve integral hesab\u0131n (kalk\u00fcl\u00fcs) temellerini atarak bilim insanlar\u0131na do\u011fay\u0131 modellemek i\u00e7in ihtiya\u00e7 duyduklar\u0131 en g\u00fc\u00e7l\u00fc matematiksel ara\u00e7lar\u0131 sunmu\u015ftur.<\/p>\n\n\n\n<h3 class=\"wp-block-heading\">I\u015f\u0131\u011f\u0131n Gizemi ve Optik \u00c7al\u0131\u015fmalar\u0131<\/h3>\n\n\n\n<p class=\"wp-block-paragraph\">Newton sadece mekanikle s\u0131n\u0131rl\u0131 kalmam\u0131\u015f, \u0131\u015f\u0131\u011f\u0131n do\u011fas\u0131n\u0131 da k\u00f6kten de\u011fi\u015ftirmi\u015ftir. Beyaz \u0131\u015f\u0131\u011f\u0131n bir prizmadan ge\u00e7erek renk tayf\u0131na ayr\u0131ld\u0131\u011f\u0131n\u0131 g\u00f6stererek, renklerin nesnelerin bir \u00f6zelli\u011fi de\u011fil, \u0131\u015f\u0131\u011f\u0131n bir par\u00e7as\u0131 oldu\u011funu kan\u0131tlam\u0131\u015ft\u0131r. Kendi ad\u0131yla an\u0131lan yans\u0131tmal\u0131 teleskopu (Newtonian teleskop) geli\u015ftirerek astronomide de \u00e7\u0131\u011f\u0131r a\u00e7m\u0131\u015f ve evreni g\u00f6zlemleme bi\u00e7imimizi modernle\u015ftirmi\u015ftir.<\/p>\n\n\n\n<h3 class=\"wp-block-heading\">Disiplin ve Merak\u0131n Birle\u015fimi<\/h3>\n\n\n\n<p class=\"wp-block-paragraph\">Newton\u2019un ba\u015far\u0131s\u0131n\u0131n ard\u0131ndaki s\u0131r, sadece \u00fcst\u00fcn zekas\u0131 de\u011fil, ayn\u0131 zamanda sars\u0131lmaz bir disiplin ve merak duygusudur. Kendisini aylarca odas\u0131na kapat\u0131p problemler \u00fczerine d\u00fc\u015f\u00fcnecek kadar b\u00fcy\u00fck bir odaklanma yetene\u011fine sahipti. &#8220;E\u011fer daha uza\u011f\u0131 g\u00f6rebildiysem, bu devlerin omuzlar\u0131nda durdu\u011fum i\u00e7indir&#8221; diyerek kendisinden \u00f6nceki bilim insanlar\u0131na sayg\u0131s\u0131n\u0131 sunmu\u015f, ancak bu miras\u0131 devral\u0131p bamba\u015fka bir boyuta ta\u015f\u0131m\u0131\u015ft\u0131r.<\/p>\n\n\n\n<h3 class=\"wp-block-heading\">Sonu\u00e7<\/h3>\n\n\n\n<p class=\"wp-block-paragraph\">Sonu\u00e7 olarak Isaac Newton, evrenin bir kaos de\u011fil, belirli yasalar \u00e7er\u00e7evesinde i\u015fleyen muazzam bir makine oldu\u011funu d\u00fcnyaya g\u00f6stermi\u015ftir. Onun a\u00e7t\u0131\u011f\u0131 yol, sanayi devriminden uzay \u00e7a\u011f\u0131na kadar insanl\u0131\u011f\u0131n att\u0131\u011f\u0131 her ad\u0131m\u0131n temelinde yatmaktad\u0131r. Newton\u2019un miras\u0131, bug\u00fcn hala laboratuvarlardan s\u0131n\u0131flara, f\u0131rlat\u0131lan roketlerden teknolojik cihazlara kadar hayat\u0131m\u0131z\u0131n her noktas\u0131nda ya\u015famaya devam etmektedir. O, akl\u0131n \u0131\u015f\u0131\u011f\u0131yla karanl\u0131\u011f\u0131 ayd\u0131nlatan bir deha olarak tarihteki yerini sonsuza dek koruyacakt\u0131r.<\/p>\n","protected":false},"excerpt":{"rendered":"<p>Bilimsel Devrimin Mimar\u0131 \u0130nsanl\u0131k tarihi, do\u011fay\u0131 anlama \u00e7abas\u0131nda bir\u00e7ok d\u00f6n\u00fcm noktas\u0131 ya\u015fam\u0131\u015ft\u0131r; ancak \u00e7ok az isim Isaac Newton kadar bu s\u00fcrece damga vurmu\u015ftur. 17. y\u00fczy\u0131l\u0131n karanl\u0131\u011f\u0131nda, evrenin karma\u015f\u0131k i\u015fleyi\u015fini matematiksel bir kesinlikle a\u00e7\u0131klayan Newton, modern bilimin temellerini atm\u0131\u015f ve insan zekas\u0131n\u0131n s\u0131n\u0131rlar\u0131n\u0131 zorlam\u0131\u015ft\u0131r. O, sadece bir fizik\u00e7i veya matematik\u00e7i de\u011fil, evrenin gizli dilini \u00e7\u00f6zen bir<\/p>\n","protected":false},"author":1,"featured_media":71,"comment_status":"open","ping_status":"open","sticky":false,"template":"","format":"standard","meta":{"footnotes":""},"categories":[1],"tags":[],"class_list":["post-70","post","type-post","status-publish","format-standard","has-post-thumbnail","hentry","category-uncategorized"],"_links":{"self":[{"href":"https:\/\/www.hernot.com.tr\/news\/wp-json\/wp\/v2\/posts\/70","targetHints":{"allow":["GET"]}}],"collection":[{"href":"https:\/\/www.hernot.com.tr\/news\/wp-json\/wp\/v2\/posts"}],"about":[{"href":"https:\/\/www.hernot.com.tr\/news\/wp-json\/wp\/v2\/types\/post"}],"author":[{"embeddable":true,"href":"https:\/\/www.hernot.com.tr\/news\/wp-json\/wp\/v2\/users\/1"}],"replies":[{"embeddable":true,"href":"https:\/\/www.hernot.com.tr\/news\/wp-json\/wp\/v2\/comments?post=70"}],"version-history":[{"count":1,"href":"https:\/\/www.hernot.com.tr\/news\/wp-json\/wp\/v2\/posts\/70\/revisions"}],"predecessor-version":[{"id":72,"href":"https:\/\/www.hernot.com.tr\/news\/wp-json\/wp\/v2\/posts\/70\/revisions\/72"}],"wp:featuredmedia":[{"embeddable":true,"href":"https:\/\/www.hernot.com.tr\/news\/wp-json\/wp\/v2\/media\/71"}],"wp:attachment":[{"href":"https:\/\/www.hernot.com.tr\/news\/wp-json\/wp\/v2\/media?parent=70"}],"wp:term":[{"taxonomy":"category","embeddable":true,"href":"https:\/\/www.hernot.com.tr\/news\/wp-json\/wp\/v2\/categories?post=70"},{"taxonomy":"post_tag","embeddable":true,"href":"https:\/\/www.hernot.com.tr\/news\/wp-json\/wp\/v2\/tags?post=70"}],"curies":[{"name":"wp","href":"https:\/\/api.w.org\/{rel}","templated":true}]}}